{"id":4687,"date":"2021-07-22T03:50:45","date_gmt":"2021-07-22T02:50:45","guid":{"rendered":"http:\/\/www.printerpix.es\/blog\/?p=4687"},"modified":"2021-07-26T15:39:49","modified_gmt":"2021-07-26T14:39:49","slug":"como-decorar-tu-espacio-exterior","status":"publish","type":"post","link":"https:\/\/www.printerpix.es\/blog\/como-decorar-tu-espacio-exterior\/","title":{"rendered":"C\u00f3mo decorar tu espacio exterior"},"content":{"rendered":"\n<figure class=\"wp-block-image size-large\"><a href=\"https:\/\/www.printerpix.es\/\"><img loading=\"lazy\" decoding=\"async\" width=\"1024\" height=\"360\" src=\"https:\/\/www.printerpix.es\/blog\/wp-content\/uploads\/2021\/07\/top-banner-blog-desktop-1280x400-3-1024x360.jpg\" alt=\"\" class=\"wp-image-4691\" srcset=\"https:\/\/www.printerpix.es\/blog\/wp-content\/uploads\/2021\/07\/top-banner-blog-desktop-1280x400-3-1024x360.jpg 1024w, https:\/\/www.printerpix.es\/blog\/wp-content\/uploads\/2021\/07\/top-banner-blog-desktop-1280x400-3-300x105.jpg 300w, https:\/\/www.printerpix.es\/blog\/wp-content\/uploads\/2021\/07\/top-banner-blog-desktop-1280x400-3-768x270.jpg 768w, https:\/\/www.printerpix.es\/blog\/wp-content\/uploads\/2021\/07\/top-banner-blog-desktop-1280x400-3.jpg 1280w\" sizes=\"auto, (max-width: 1024px) 100vw, 1024px\" \/><\/a><\/figure>\n\n\n\nEl verano es la estaci\u00f3n del a\u00f1o que nos hace apreciar y valorar el aire libre y nuestros propios espacios exteriores. Durante los d\u00edas bonitos y las c\u00e1lidas noches del verano, pasar tiempo al aire libre es uno de los mejores placeres que hay. A menudo descuidamos nuestros espacios exteriores: los balcones se convierten en sitios de almacenaje y las terrazas o jardines se llenan de maleza. Si estos problemas te suenan, tenemos una gu\u00eda para ayudarte a aprovechar tu espacio exterior con 5 consejos para decorar jardines, terrazas y balcones. <strong>No esperes m\u00e1s, aprovecha el buen tiempo y transforma tu espacio exterior en un peque\u00f1o para\u00edso veraniego.<\/strong>\n\n\n\n<p><\/p>\n\n\n\n<h2 class=\"has-theme-primary-color has-text-color wp-block-heading\"><span style=\"text-decoration: underline;\">\u00a1Ponte a plantar! <\/span><\/h2>\n\n\n\n<figure class=\"wp-block-image size-large\"><a href=\"https:\/\/www.printerpix.es\/\"><img loading=\"lazy\" decoding=\"async\" width=\"720\" height=\"400\" src=\"https:\/\/www.printerpix.es\/blog\/wp-content\/uploads\/2021\/07\/01-blog-720x400-3.jpg\" alt=\"\" class=\"wp-image-4692\" srcset=\"https:\/\/www.printerpix.es\/blog\/wp-content\/uploads\/2021\/07\/01-blog-720x400-3.jpg 720w, https:\/\/www.printerpix.es\/blog\/wp-content\/uploads\/2021\/07\/01-blog-720x400-3-300x167.jpg 300w\" sizes=\"auto, (max-width: 720px) 100vw, 720px\" \/><\/a><\/figure>\n\n\n\n<p>Decora tu espacio exterior con plantas: \u00a1son la decoraci\u00f3n m\u00e1s natural que hay! Las plantas que tienes disponibles dependen de la regi\u00f3n donde vives. Introduce flores vivas y coloridas o opta por plantas que tienen un aroma agradable. En regiones como Andaluc\u00eda y Canarias, opta por plantas que no necesitan mucha lluvia, como los cactus, hortensia, lavanda y romero. En regiones con clima m\u00e1s templado, tienes m\u00e1s opciones: los ciclamen, dalia y begonias crecen bien donde hay lluvia moderada: en cuanto a hierbas la albahaca, el perejil y el cilantro son buenas opciones. Pl\u00e1ntalas en macetas o cestas colgantes (depende del espacio que tienes). Puedes sembrar tus plantas o comprar plantas ya cultivadas.<\/p>\n\n\n\n<h2 class=\"wp-block-heading\"><a href=\"https:\/\/www.printerpix.es\/fundas-de-cojin-personalizadas\/\" target=\"_blank\" rel=\"noreferrer noopener\">Crea cojines personalizados para tus muebles de exterior<\/a><\/h2>\n\n\n\n<figure class=\"wp-block-image size-large\"><img loading=\"lazy\" decoding=\"async\" width=\"720\" height=\"400\" src=\"https:\/\/www.printerpix.es\/blog\/wp-content\/uploads\/2021\/07\/02-blog-720x400-2.jpg\" alt=\"\" class=\"wp-image-4693\" srcset=\"https:\/\/www.printerpix.es\/blog\/wp-content\/uploads\/2021\/07\/02-blog-720x400-2.jpg 720w, https:\/\/www.printerpix.es\/blog\/wp-content\/uploads\/2021\/07\/02-blog-720x400-2-300x167.jpg 300w\" sizes=\"auto, (max-width: 720px) 100vw, 720px\" \/><\/figure>\n\n\n\n<p>Ya sea que tengas grandes sillas de madera en tu terraza o peque\u00f1as sillas met\u00e1licas en tu balc\u00f3n, es probable que ya sepas que no son las sillas m\u00e1s c\u00f3modas del mundo. Crea <a href=\"https:\/\/www.printerpix.es\/fundas-de-cojin-personalizadas\/\" target=\"_blank\" rel=\"noreferrer noopener\">unas fundas de coj\u00edn personalizadas<\/a> para tus muebles de exterior. \u00a1Elige una foto de tu peque\u00f1o o de tu amigo de cuatro patas para crear una decoraci\u00f3n exterior \u00fanica! (* no dejes tus cojines bajo la lluvia).<\/p>\n\n\n\n<h2 class=\"wp-block-heading\"><a href=\"https:\/\/www.printerpix.es\/manta-de-fotos\/\" target=\"_blank\" rel=\"noreferrer noopener\">Una manta personalizada para tu sof\u00e1<\/a><\/h2>\n\n\n\n<figure class=\"wp-block-image size-large\"><a href=\"https:\/\/www.printerpix.es\/manta-de-fotos\/\"><img loading=\"lazy\" decoding=\"async\" width=\"720\" height=\"400\" src=\"https:\/\/www.printerpix.es\/blog\/wp-content\/uploads\/2021\/07\/04-blog-720x400_.jpg\" alt=\"\" class=\"wp-image-4694\" srcset=\"https:\/\/www.printerpix.es\/blog\/wp-content\/uploads\/2021\/07\/04-blog-720x400_.jpg 720w, https:\/\/www.printerpix.es\/blog\/wp-content\/uploads\/2021\/07\/04-blog-720x400_-300x167.jpg 300w\" sizes=\"auto, (max-width: 720px) 100vw, 720px\" \/><\/a><\/figure>\n\n\n\n<p>Si tienes un sof\u00e1 o un banco en tu terraza, jard\u00edn o balc\u00f3n, dec\u00f3ralo con <a href=\"https:\/\/www.printerpix.es\/manta-de-fotos\/\" target=\"_blank\" rel=\"noreferrer noopener\">una manta personalizada<\/a> para a\u00f1adir mayor comodidad. Estas mantas son perfectas para las noches frescas de verano. Personaliza la tuya utilizando una de tus fotos y da un toque de personalidad a tu espacio exterior. Estas mantas tambi\u00e9n est\u00e1n disponibles para perros y gatos.<\/p>\n\n\n\n<h2 class=\"wp-block-heading\"><a href=\"https:\/\/www.printerpix.es\/\" target=\"_blank\" rel=\"noreferrer noopener\">Fabrica una mesa de centro<\/a><\/h2>\n\n\n\n<figure class=\"wp-block-image size-large\"><a href=\"https:\/\/www.printerpix.es\/\"><img loading=\"lazy\" decoding=\"async\" width=\"720\" height=\"400\" src=\"https:\/\/www.printerpix.es\/blog\/wp-content\/uploads\/2021\/07\/03-blog-720x400_.jpg\" alt=\"\" class=\"wp-image-4695\" srcset=\"https:\/\/www.printerpix.es\/blog\/wp-content\/uploads\/2021\/07\/03-blog-720x400_.jpg 720w, https:\/\/www.printerpix.es\/blog\/wp-content\/uploads\/2021\/07\/03-blog-720x400_-300x167.jpg 300w\" sizes=\"auto, (max-width: 720px) 100vw, 720px\" \/><\/a><\/figure>\n\n\n\n<p>Tomar un caf\u00e9 por la ma\u00f1ana antes del calor del d\u00eda es un placer incomparable a ning\u00fan otro. Si a tu balc\u00f3n, terraza o jard\u00edn le falta el espacio necesario para una mesa de centro, tenemos la soluci\u00f3n: una caja de madera. Muchos supermercados y tiendas utilizan estas cajas para transportar sus productos antes de echarlas porque ya no las necesitan, as\u00ed que le podr\u00edas pedir una al gerente de tu supermercado local. Una vez que tengas tu caja, p\u00edntala y col\u00f3cala boca abajo. \u00a1Ya tendr\u00e1s tu mesa de centro!<\/p>\n\n\n\n<h2 class=\"wp-block-heading\"><a href=\"https:\/\/www.printerpix.es\/foto-lienzo\/\" target=\"_blank\" rel=\"noreferrer noopener\">Decora las paredes o vallas<\/a><\/h2>\n\n\n\n<figure class=\"wp-block-image size-large\"><a href=\"https:\/\/www.printerpix.es\/foto-lienzo\/\"><img loading=\"lazy\" decoding=\"async\" width=\"720\" height=\"400\" src=\"https:\/\/www.printerpix.es\/blog\/wp-content\/uploads\/2021\/07\/05-blog-720x400-1.jpg\" alt=\"\" class=\"wp-image-4696\" srcset=\"https:\/\/www.printerpix.es\/blog\/wp-content\/uploads\/2021\/07\/05-blog-720x400-1.jpg 720w, https:\/\/www.printerpix.es\/blog\/wp-content\/uploads\/2021\/07\/05-blog-720x400-1-300x167.jpg 300w\" sizes=\"auto, (max-width: 720px) 100vw, 720px\" \/><\/a><\/figure>\n\n\n\n<p>Si hay una parte de tu balc\u00f3n, terraza o jard\u00edn que est\u00e9 protegido del sol o de la lluvia, podr\u00edas decorar las paredes o vallas con fotolienzos. Las paredes blancas son aburridas, as\u00ed que embellece las tuyas con <a rel=\"noreferrer noopener\" href=\"https:\/\/www.printerpix.es\/foto-lienzo\/\" target=\"_blank\">fotolienzo<\/a> que te recuerden tus mejores recuerdos. Crea hermosas composiciones y cuenta tu historia. \u00a1Son una manera \u00fanica de decorar tu espacio exterior! <\/p>\n\n\n\n<p>Esperamos que te haya gustado nuestra gu\u00eda y que utilizes nuestros consejos. Nos encantar\u00eda ver c\u00f3mo decoras tu espacio exterior, as\u00ed que comp\u00e1rte tus fotos con nosotros en las redes scoailes con el #myprinterpix.<\/p>\n\n\n\n<figure class=\"wp-block-image size-large\"><img loading=\"lazy\" decoding=\"async\" width=\"1024\" height=\"360\" src=\"https:\/\/www.printerpix.es\/blog\/wp-content\/uploads\/2021\/07\/bottom-banner-blog-desktop-1280x400-1-1024x360.jpg\" alt=\"\" class=\"wp-image-4698\" srcset=\"https:\/\/www.printerpix.es\/blog\/wp-content\/uploads\/2021\/07\/bottom-banner-blog-desktop-1280x400-1-1024x360.jpg 1024w, https:\/\/www.printerpix.es\/blog\/wp-content\/uploads\/2021\/07\/bottom-banner-blog-desktop-1280x400-1-300x105.jpg 300w, https:\/\/www.printerpix.es\/blog\/wp-content\/uploads\/2021\/07\/bottom-banner-blog-desktop-1280x400-1-768x270.jpg 768w, https:\/\/www.printerpix.es\/blog\/wp-content\/uploads\/2021\/07\/bottom-banner-blog-desktop-1280x400-1.jpg 1280w\" sizes=\"auto, (max-width: 1024px) 100vw, 1024px\" \/><\/figure>\n","protected":false},"excerpt":{"rendered":"<p>El verano es la estaci\u00f3n del a\u00f1o que nos hace apreciar y valorar el aire libre y nuestros propios espacios exteriores. Durante los d\u00edas bonitos y las c\u00e1lidas noches del verano, pasar tiempo al aire libre es uno de los mejores placeres que hay. A menudo descuidamos nuestros espacios exteriores: los balcones se convierten en [&hellip;]<\/p>\n","protected":false},"author":5,"featured_media":0,"comment_status":"open","ping_status":"open","sticky":false,"template":"","format":"standard","meta":{"_genesis_hide_title":false,"_genesis_hide_breadcrumbs":false,"_genesis_hide_singular_image":false,"_genesis_hide_footer_widgets":false,"_genesis_custom_body_class":"","_genesis_custom_post_class":"","_genesis_layout":"","twitterCardType":"","cardImageID":0,"cardImage":"","cardTitle":"","cardDesc":"","cardImageAlt":"","cardPlayer":"","cardPlayerWidth":0,"cardPlayerHeight":0,"cardPlayerStream":"","cardPlayerCodec":"","footnotes":""},"categories":[1],"tags":[],"class_list":{"0":"post-4687","1":"post","2":"type-post","3":"status-publish","4":"format-standard","6":"category-nuestro-blog","7":"entry","8":"has-post-thumbnail"},"yoast_head":"<!-- This site is optimized with the Yoast SEO plugin v25.3.1 - https:\/\/yoast.com\/wordpress\/plugins\/seo\/ -->\n<title>C\u00f3mo decorar tu espacio exterior - Printerpix Blog<\/title>\n<meta name=\"description\" content=\"Transforma tu espacio exterior en un peque\u00f1o para\u00edso veraniego con 5 consejos para decorar jardines, terrazas y balcon.\" \/>\n<meta name=\"robots\" content=\"index, follow, max-snippet:-1, max-image-preview:large, max-video-preview:-1\" \/>\n<link rel=\"canonical\" href=\"https:\/\/www.printerpix.es\/blog\/como-decorar-tu-espacio-exterior\/\" \/>\n<meta property=\"og:locale\" content=\"en_GB\" \/>\n<meta property=\"og:type\" content=\"article\" \/>\n<meta property=\"og:title\" content=\"C\u00f3mo decorar tu espacio exterior - Printerpix Blog\" \/>\n<meta property=\"og:description\" content=\"Transforma tu espacio exterior en un peque\u00f1o para\u00edso veraniego con 5 consejos para decorar jardines, terrazas y balcon.\" \/>\n<meta property=\"og:url\" content=\"https:\/\/www.printerpix.es\/blog\/como-decorar-tu-espacio-exterior\/\" \/>\n<meta property=\"og:site_name\" content=\"Printerpix Blog\" \/>\n<meta property=\"article:publisher\" content=\"https:\/\/www.facebook.com\/PrinterpixSpain\" \/>\n<meta property=\"article:published_time\" content=\"2021-07-22T02:50:45+00:00\" \/>\n<meta property=\"article:modified_time\" content=\"2021-07-26T14:39:49+00:00\" \/>\n<meta property=\"og:image\" content=\"https:\/\/www.printerpix.es\/blog\/wp-content\/uploads\/2021\/07\/top-banner-blog-desktop-1280x400-3-1024x360.jpg\" \/>\n<meta name=\"author\" content=\"Rhys Knipe\" \/>\n<meta name=\"twitter:card\" content=\"summary_large_image\" \/>\n<meta name=\"twitter:label1\" content=\"Written by\" \/>\n\t<meta name=\"twitter:data1\" content=\"Rhys Knipe\" \/>\n\t<meta name=\"twitter:label2\" content=\"Estimated reading time\" \/>\n\t<meta name=\"twitter:data2\" content=\"3 minutes\" \/>\n<script type=\"application\/ld+json\" class=\"yoast-schema-graph\">{\"@context\":\"https:\/\/schema.org\",\"@graph\":[{\"@type\":\"Article\",\"@id\":\"https:\/\/www.printerpix.es\/blog\/como-decorar-tu-espacio-exterior\/#article\",\"isPartOf\":{\"@id\":\"https:\/\/www.printerpix.es\/blog\/como-decorar-tu-espacio-exterior\/\"},\"author\":{\"name\":\"Rhys Knipe\",\"@id\":\"https:\/\/www.printerpix.es\/blog\/#\/schema\/person\/b3bcf789cf198b0d4ac66957f2bb34fe\"},\"headline\":\"C\u00f3mo decorar tu espacio exterior\",\"datePublished\":\"2021-07-22T02:50:45+00:00\",\"dateModified\":\"2021-07-26T14:39:49+00:00\",\"mainEntityOfPage\":{\"@id\":\"https:\/\/www.printerpix.es\/blog\/como-decorar-tu-espacio-exterior\/\"},\"wordCount\":612,\"commentCount\":0,\"publisher\":{\"@id\":\"https:\/\/www.printerpix.es\/blog\/#organization\"},\"image\":{\"@id\":\"https:\/\/www.printerpix.es\/blog\/como-decorar-tu-espacio-exterior\/#primaryimage\"},\"thumbnailUrl\":\"https:\/\/www.printerpix.es\/blog\/wp-content\/uploads\/2021\/07\/top-banner-blog-desktop-1280x400-3-1024x360.jpg\",\"articleSection\":[\"Nuestro blog\"],\"inLanguage\":\"en-GB\",\"potentialAction\":[{\"@type\":\"CommentAction\",\"name\":\"Comment\",\"target\":[\"https:\/\/www.printerpix.es\/blog\/como-decorar-tu-espacio-exterior\/#respond\"]}]},{\"@type\":\"WebPage\",\"@id\":\"https:\/\/www.printerpix.es\/blog\/como-decorar-tu-espacio-exterior\/\",\"url\":\"https:\/\/www.printerpix.es\/blog\/como-decorar-tu-espacio-exterior\/\",\"name\":\"C\u00f3mo decorar tu espacio exterior - Printerpix Blog\",\"isPartOf\":{\"@id\":\"https:\/\/www.printerpix.es\/blog\/#website\"},\"primaryImageOfPage\":{\"@id\":\"https:\/\/www.printerpix.es\/blog\/como-decorar-tu-espacio-exterior\/#primaryimage\"},\"image\":{\"@id\":\"https:\/\/www.printerpix.es\/blog\/como-decorar-tu-espacio-exterior\/#primaryimage\"},\"thumbnailUrl\":\"https:\/\/www.printerpix.es\/blog\/wp-content\/uploads\/2021\/07\/top-banner-blog-desktop-1280x400-3-1024x360.jpg\",\"datePublished\":\"2021-07-22T02:50:45+00:00\",\"dateModified\":\"2021-07-26T14:39:49+00:00\",\"description\":\"Transforma tu espacio exterior en un peque\u00f1o para\u00edso veraniego con 5 consejos para decorar jardines, terrazas y balcon.\",\"breadcrumb\":{\"@id\":\"https:\/\/www.printerpix.es\/blog\/como-decorar-tu-espacio-exterior\/#breadcrumb\"},\"inLanguage\":\"en-GB\",\"potentialAction\":[{\"@type\":\"ReadAction\",\"target\":[\"https:\/\/www.printerpix.es\/blog\/como-decorar-tu-espacio-exterior\/\"]}]},{\"@type\":\"ImageObject\",\"inLanguage\":\"en-GB\",\"@id\":\"https:\/\/www.printerpix.es\/blog\/como-decorar-tu-espacio-exterior\/#primaryimage\",\"url\":\"https:\/\/www.printerpix.es\/blog\/wp-content\/uploads\/2021\/07\/top-banner-blog-desktop-1280x400-3-1024x360.jpg\",\"contentUrl\":\"https:\/\/www.printerpix.es\/blog\/wp-content\/uploads\/2021\/07\/top-banner-blog-desktop-1280x400-3-1024x360.jpg\"},{\"@type\":\"BreadcrumbList\",\"@id\":\"https:\/\/www.printerpix.es\/blog\/como-decorar-tu-espacio-exterior\/#breadcrumb\",\"itemListElement\":[{\"@type\":\"ListItem\",\"position\":1,\"name\":\"Home\",\"item\":\"https:\/\/www.printerpix.es\/blog\"},{\"@type\":\"ListItem\",\"position\":2,\"name\":\"C\u00f3mo decorar tu espacio exterior\"}]},{\"@type\":\"WebSite\",\"@id\":\"https:\/\/www.printerpix.es\/blog\/#website\",\"url\":\"https:\/\/www.printerpix.es\/blog\/\",\"name\":\"Printerpix Blog\",\"description\":\"\",\"publisher\":{\"@id\":\"https:\/\/www.printerpix.es\/blog\/#organization\"},\"potentialAction\":[{\"@type\":\"SearchAction\",\"target\":{\"@type\":\"EntryPoint\",\"urlTemplate\":\"https:\/\/www.printerpix.es\/blog\/?s={search_term_string}\"},\"query-input\":{\"@type\":\"PropertyValueSpecification\",\"valueRequired\":true,\"valueName\":\"search_term_string\"}}],\"inLanguage\":\"en-GB\"},{\"@type\":\"Organization\",\"@id\":\"https:\/\/www.printerpix.es\/blog\/#organization\",\"name\":\"Printerpix\",\"url\":\"https:\/\/www.printerpix.es\/blog\/\",\"logo\":{\"@type\":\"ImageObject\",\"inLanguage\":\"en-GB\",\"@id\":\"https:\/\/www.printerpix.es\/blog\/#\/schema\/logo\/image\/\",\"url\":\"https:\/\/www.printerpix.es\/blog\/wp-content\/uploads\/2020\/12\/big-logo.png\",\"contentUrl\":\"https:\/\/www.printerpix.es\/blog\/wp-content\/uploads\/2020\/12\/big-logo.png\",\"width\":1600,\"height\":1600,\"caption\":\"Printerpix\"},\"image\":{\"@id\":\"https:\/\/www.printerpix.es\/blog\/#\/schema\/logo\/image\/\"},\"sameAs\":[\"https:\/\/www.facebook.com\/PrinterpixSpain\"]},{\"@type\":\"Person\",\"@id\":\"https:\/\/www.printerpix.es\/blog\/#\/schema\/person\/b3bcf789cf198b0d4ac66957f2bb34fe\",\"name\":\"Rhys Knipe\",\"image\":{\"@type\":\"ImageObject\",\"inLanguage\":\"en-GB\",\"@id\":\"https:\/\/www.printerpix.es\/blog\/#\/schema\/person\/image\/\",\"url\":\"https:\/\/secure.gravatar.com\/avatar\/f232c31420abdba75b3f6be5804b06080331bc73c8b89bf7d75d5c19a606906d?s=96&d=mm&r=g\",\"contentUrl\":\"https:\/\/secure.gravatar.com\/avatar\/f232c31420abdba75b3f6be5804b06080331bc73c8b89bf7d75d5c19a606906d?s=96&d=mm&r=g\",\"caption\":\"Rhys Knipe\"},\"url\":\"https:\/\/www.printerpix.es\/blog\/author\/rhys-knipe\/\"}]}<\/script>\n<!-- \/ Yoast SEO plugin. -->","yoast_head_json":{"title":"C\u00f3mo decorar tu espacio exterior - Printerpix Blog","description":"Transforma tu espacio exterior en un peque\u00f1o para\u00edso veraniego con 5 consejos para decorar jardines, terrazas y balcon.","robots":{"index":"index","follow":"follow","max-snippet":"max-snippet:-1","max-image-preview":"max-image-preview:large","max-video-preview":"max-video-preview:-1"},"canonical":"https:\/\/www.printerpix.es\/blog\/como-decorar-tu-espacio-exterior\/","og_locale":"en_GB","og_type":"article","og_title":"C\u00f3mo decorar tu espacio exterior - Printerpix Blog","og_description":"Transforma tu espacio exterior en un peque\u00f1o para\u00edso veraniego con 5 consejos para decorar jardines, terrazas y balcon.","og_url":"https:\/\/www.printerpix.es\/blog\/como-decorar-tu-espacio-exterior\/","og_site_name":"Printerpix Blog","article_publisher":"https:\/\/www.facebook.com\/PrinterpixSpain","article_published_time":"2021-07-22T02:50:45+00:00","article_modified_time":"2021-07-26T14:39:49+00:00","og_image":[{"url":"https:\/\/www.printerpix.es\/blog\/wp-content\/uploads\/2021\/07\/top-banner-blog-desktop-1280x400-3-1024x360.jpg","type":"","width":"","height":""}],"author":"Rhys Knipe","twitter_card":"summary_large_image","twitter_misc":{"Written by":"Rhys Knipe","Estimated reading time":"3 minutes"},"schema":{"@context":"https:\/\/schema.org","@graph":[{"@type":"Article","@id":"https:\/\/www.printerpix.es\/blog\/como-decorar-tu-espacio-exterior\/#article","isPartOf":{"@id":"https:\/\/www.printerpix.es\/blog\/como-decorar-tu-espacio-exterior\/"},"author":{"name":"Rhys Knipe","@id":"https:\/\/www.printerpix.es\/blog\/#\/schema\/person\/b3bcf789cf198b0d4ac66957f2bb34fe"},"headline":"C\u00f3mo decorar tu espacio exterior","datePublished":"2021-07-22T02:50:45+00:00","dateModified":"2021-07-26T14:39:49+00:00","mainEntityOfPage":{"@id":"https:\/\/www.printerpix.es\/blog\/como-decorar-tu-espacio-exterior\/"},"wordCount":612,"commentCount":0,"publisher":{"@id":"https:\/\/www.printerpix.es\/blog\/#organization"},"image":{"@id":"https:\/\/www.printerpix.es\/blog\/como-decorar-tu-espacio-exterior\/#primaryimage"},"thumbnailUrl":"https:\/\/www.printerpix.es\/blog\/wp-content\/uploads\/2021\/07\/top-banner-blog-desktop-1280x400-3-1024x360.jpg","articleSection":["Nuestro blog"],"inLanguage":"en-GB","potentialAction":[{"@type":"CommentAction","name":"Comment","target":["https:\/\/www.printerpix.es\/blog\/como-decorar-tu-espacio-exterior\/#respond"]}]},{"@type":"WebPage","@id":"https:\/\/www.printerpix.es\/blog\/como-decorar-tu-espacio-exterior\/","url":"https:\/\/www.printerpix.es\/blog\/como-decorar-tu-espacio-exterior\/","name":"C\u00f3mo decorar tu espacio exterior - Printerpix Blog","isPartOf":{"@id":"https:\/\/www.printerpix.es\/blog\/#website"},"primaryImageOfPage":{"@id":"https:\/\/www.printerpix.es\/blog\/como-decorar-tu-espacio-exterior\/#primaryimage"},"image":{"@id":"https:\/\/www.printerpix.es\/blog\/como-decorar-tu-espacio-exterior\/#primaryimage"},"thumbnailUrl":"https:\/\/www.printerpix.es\/blog\/wp-content\/uploads\/2021\/07\/top-banner-blog-desktop-1280x400-3-1024x360.jpg","datePublished":"2021-07-22T02:50:45+00:00","dateModified":"2021-07-26T14:39:49+00:00","description":"Transforma tu espacio exterior en un peque\u00f1o para\u00edso veraniego con 5 consejos para decorar jardines, terrazas y balcon.","breadcrumb":{"@id":"https:\/\/www.printerpix.es\/blog\/como-decorar-tu-espacio-exterior\/#breadcrumb"},"inLanguage":"en-GB","potentialAction":[{"@type":"ReadAction","target":["https:\/\/www.printerpix.es\/blog\/como-decorar-tu-espacio-exterior\/"]}]},{"@type":"ImageObject","inLanguage":"en-GB","@id":"https:\/\/www.printerpix.es\/blog\/como-decorar-tu-espacio-exterior\/#primaryimage","url":"https:\/\/www.printerpix.es\/blog\/wp-content\/uploads\/2021\/07\/top-banner-blog-desktop-1280x400-3-1024x360.jpg","contentUrl":"https:\/\/www.printerpix.es\/blog\/wp-content\/uploads\/2021\/07\/top-banner-blog-desktop-1280x400-3-1024x360.jpg"},{"@type":"BreadcrumbList","@id":"https:\/\/www.printerpix.es\/blog\/como-decorar-tu-espacio-exterior\/#breadcrumb","itemListElement":[{"@type":"ListItem","position":1,"name":"Home","item":"https:\/\/www.printerpix.es\/blog"},{"@type":"ListItem","position":2,"name":"C\u00f3mo decorar tu espacio exterior"}]},{"@type":"WebSite","@id":"https:\/\/www.printerpix.es\/blog\/#website","url":"https:\/\/www.printerpix.es\/blog\/","name":"Printerpix Blog","description":"","publisher":{"@id":"https:\/\/www.printerpix.es\/blog\/#organization"},"potentialAction":[{"@type":"SearchAction","target":{"@type":"EntryPoint","urlTemplate":"https:\/\/www.printerpix.es\/blog\/?s={search_term_string}"},"query-input":{"@type":"PropertyValueSpecification","valueRequired":true,"valueName":"search_term_string"}}],"inLanguage":"en-GB"},{"@type":"Organization","@id":"https:\/\/www.printerpix.es\/blog\/#organization","name":"Printerpix","url":"https:\/\/www.printerpix.es\/blog\/","logo":{"@type":"ImageObject","inLanguage":"en-GB","@id":"https:\/\/www.printerpix.es\/blog\/#\/schema\/logo\/image\/","url":"https:\/\/www.printerpix.es\/blog\/wp-content\/uploads\/2020\/12\/big-logo.png","contentUrl":"https:\/\/www.printerpix.es\/blog\/wp-content\/uploads\/2020\/12\/big-logo.png","width":1600,"height":1600,"caption":"Printerpix"},"image":{"@id":"https:\/\/www.printerpix.es\/blog\/#\/schema\/logo\/image\/"},"sameAs":["https:\/\/www.facebook.com\/PrinterpixSpain"]},{"@type":"Person","@id":"https:\/\/www.printerpix.es\/blog\/#\/schema\/person\/b3bcf789cf198b0d4ac66957f2bb34fe","name":"Rhys Knipe","image":{"@type":"ImageObject","inLanguage":"en-GB","@id":"https:\/\/www.printerpix.es\/blog\/#\/schema\/person\/image\/","url":"https:\/\/secure.gravatar.com\/avatar\/f232c31420abdba75b3f6be5804b06080331bc73c8b89bf7d75d5c19a606906d?s=96&d=mm&r=g","contentUrl":"https:\/\/secure.gravatar.com\/avatar\/f232c31420abdba75b3f6be5804b06080331bc73c8b89bf7d75d5c19a606906d?s=96&d=mm&r=g","caption":"Rhys Knipe"},"url":"https:\/\/www.printerpix.es\/blog\/author\/rhys-knipe\/"}]}},"featured_image_src":null,"featured_image_src_square":null,"author_info":{"display_name":"Rhys Knipe","author_link":"https:\/\/www.printerpix.es\/blog\/author\/rhys-knipe\/"},"_links":{"self":[{"href":"https:\/\/www.printerpix.es\/blog\/wp-json\/wp\/v2\/posts\/4687","targetHints":{"allow":["GET"]}}],"collection":[{"href":"https:\/\/www.printerpix.es\/blog\/wp-json\/wp\/v2\/posts"}],"about":[{"href":"https:\/\/www.printerpix.es\/blog\/wp-json\/wp\/v2\/types\/post"}],"author":[{"embeddable":true,"href":"https:\/\/www.printerpix.es\/blog\/wp-json\/wp\/v2\/users\/5"}],"replies":[{"embeddable":true,"href":"https:\/\/www.printerpix.es\/blog\/wp-json\/wp\/v2\/comments?post=4687"}],"version-history":[{"count":8,"href":"https:\/\/www.printerpix.es\/blog\/wp-json\/wp\/v2\/posts\/4687\/revisions"}],"predecessor-version":[{"id":4752,"href":"https:\/\/www.printerpix.es\/blog\/wp-json\/wp\/v2\/posts\/4687\/revisions\/4752"}],"wp:attachment":[{"href":"https:\/\/www.printerpix.es\/blog\/wp-json\/wp\/v2\/media?parent=4687"}],"wp:term":[{"taxonomy":"category","embeddable":true,"href":"https:\/\/www.printerpix.es\/blog\/wp-json\/wp\/v2\/categories?post=4687"},{"taxonomy":"post_tag","embeddable":true,"href":"https:\/\/www.printerpix.es\/blog\/wp-json\/wp\/v2\/tags?post=4687"}],"curies":[{"name":"wp","href":"https:\/\/api.w.org\/{rel}","templated":true}]}}