{"id":146,"date":"2021-01-21T11:01:26","date_gmt":"2021-01-21T10:01:26","guid":{"rendered":"http:\/\/www.printerpix.es\/blog\/?p=146"},"modified":"2021-01-21T11:01:29","modified_gmt":"2021-01-21T10:01:29","slug":"por-que-celebrar-el-dia-de-san-valentin-para-los-escepticos","status":"publish","type":"post","link":"https:\/\/www.printerpix.es\/blog\/por-que-celebrar-el-dia-de-san-valentin-para-los-escepticos\/","title":{"rendered":"\u00bfPor qu\u00e9 celebrar el d\u00eda de San Valent\u00edn? (para los esc\u00e9pticos)"},"content":{"rendered":"\n<figure class=\"wp-block-image\"><img decoding=\"async\" src=\"https:\/\/www.printerpix.fr\/blog\/wp-content\/uploads\/2021\/01\/2101-Blog-1.jpg\" alt=\"This image has an empty alt attribute; its file name is 2101-Blog-1.jpg\"\/><\/figure>\n\n\n\n<p>\u00bfPor qu\u00e9 celebrar el d\u00eda de San Valent\u00edn? (para los esc\u00e9pticos)<\/p>\n\n\n\n<p>\u00bfEres esc\u00e9ptico del d\u00eda de San Valent\u00edn? \u00bfQu\u00e9 es realmente? Otra oportunidad comercializada importada de Estados Unidos, \u00bfverdad? La fiesta de los enamorados es de hecho una fiesta que precede a la civilizaci\u00f3n moderna. Febrero se convirti\u00f3 en el mes del amor durante la \u00e9poca romana. Este festival es originalmente pagano y se llama &#8220;Les Lupercalia&#8221;. Durante el siglo V el Papa Gelasio decid\u00ed dedicar el 14 de febrero a San Valent\u00edn, m\u00e1rtir cristiano, y desde entonces esta fiesta ha asumido las connotaciones de amor de las antiguas fiestas de Lupercalia.<\/p>\n\n\n\n<p>Las primeras tarjetas de San Valent\u00edn se comercializaron en Gran Breta\u00f1a durante el siglo XIX antes de ser adoptadas en otros pa\u00edses del mundo. En Francia, muchas personas solteras participaron en loter\u00edas de amor: cada pueblo ten\u00eda una loter\u00eda para crear nuevas parejas (los hombres ten\u00edan la opci\u00f3n de rechazar a sus esposas asignadas).<\/p>\n\n\n\n<p>Si todav\u00eda es esc\u00e9ptico acerca de esta festividad, o no quiere celebrarla durante el cierre, perm\u00edtanos convencerlo con nuestras 5 razones para celebrar el D\u00eda de San Valent\u00edn.<\/p>\n\n\n\n<h2 class=\"wp-block-heading\">1. Todos necesitamos una raz\u00f3n para celebrar <\/h2>\n\n\n\n<figure class=\"wp-block-image is-resized\"><img loading=\"lazy\" decoding=\"async\" src=\"https:\/\/www.printerpix.fr\/blog\/wp-content\/uploads\/2021\/01\/2101-Blog-2.jpg\" alt=\"This image has an empty alt attribute; its file name is 2101-Blog-2.jpg\" width=\"714\" height=\"363\"\/><\/figure>\n\n\n\n<p>Seamos realistas: este invierno no va a ser f\u00e1cil. La Navidad parece ser un recuerdo lejano, y el verano todav\u00eda est\u00e1 muy lejos &#8230; el invierno parece durar mucho tiempo.<\/p>\n\n\n\n<p>El d\u00eda de los enamorados es la oportunidad perfecta para mostrar nuestro agradecimiento a nuestros seres queridos, ya sea que lo hagamos entregando regalos, cocinando una cena especial para nuestra pareja (\u00a1sin quemarla!) O simplemente disfrutando de su compa\u00f1\u00eda. .<\/p>\n\n\n\n<h2 class=\"wp-block-heading\">2. No es solo una fiesta para enamorados <\/h2>\n\n\n\n<figure class=\"wp-block-image\"><img decoding=\"async\" src=\"https:\/\/lh6.googleusercontent.com\/8baWLk6fLAbMHtJM8B0vc0t2Ww4WX1MAomM49YsJTMnSZmPxL6yXt8z7J9r7BdGr-qu4A3F1Teze_Qb4wflkYisDOP2d3o1Zj7Z3FzyUd2ClfsgGEaeTzu3c3Oq5NX0_Zotr3QPp\" alt=\"This image has an empty alt attribute; its file name is 8baWLk6fLAbMHtJM8B0vc0t2Ww4WX1MAomM49YsJTMnSZmPxL6yXt8z7J9r7BdGr-qu4A3F1Teze_Qb4wflkYisDOP2d3o1Zj7Z3FzyUd2ClfsgGEaeTzu3c3Oq5NX0_Zotr3QPp\"\/><\/figure>\n\n\n\n<p>\u00a1Tienen toda la raz\u00f3n! El 14 de febrero no solo es un momento perfecto para mimar a tu media naranja, sino para reconocer el cari\u00f1o que nuestros amigos y familiares nos brindan todos los d\u00edas.<\/p>\n\n\n\n<p>\u00bfQui\u00e9n es tu h\u00e9roe de contenci\u00f3n? Tal vez tu mam\u00e1 o tu pap\u00e1 que siempre recuerda llamarte para asegurarse de que est\u00e1s bien, o tu nieto que nunca se olvida de ayudarte con tus compras en l\u00ednea, o tu mejor amigo  que siempre est\u00e1 disponible para discutir sus inquietudes con tigo.<\/p>\n\n\n\n<h2 class=\"wp-block-heading\">3. \u00a1Flores, chocolate y regalos! <\/h2>\n\n\n\n<figure class=\"wp-block-image size-large is-resized\"><img loading=\"lazy\" decoding=\"async\" src=\"https:\/\/www.printerpix.es\/blog\/wp-content\/uploads\/2021\/01\/2101-Blog-4.jpg\" alt=\"\" class=\"wp-image-149\" width=\"763\" height=\"479\" srcset=\"https:\/\/www.printerpix.es\/blog\/wp-content\/uploads\/2021\/01\/2101-Blog-4.jpg 623w, https:\/\/www.printerpix.es\/blog\/wp-content\/uploads\/2021\/01\/2101-Blog-4-300x188.jpg 300w\" sizes=\"auto, (max-width: 763px) 100vw, 763px\" \/><\/figure>\n\n\n\n<h2 class=\"wp-block-heading\"> <\/h2>\n\n\n\n<p>\u00a1Te estar\u00edamos mintiendo si dij\u00e9ramos que no nos gustan los regalos de San Valent\u00edn! Pero espera, no nos referimos solo a recibir regalos, sino a darlos. Es una gran sensaci\u00f3n que tenemos cuando alguien nos sorprende con un regalo para el d\u00eda de San Valent\u00edn (incluso si nos hace sonrojar \ud83d\ude09) pero es a\u00fan mejor cuando vemos la sonrisa de la otra persona. persona cuando le ofreces chocolates o un osito de peluche. S\u00ed, \u00a1deber\u00edamos celebrar el D\u00eda de San Valent\u00edn porque es divertido!<\/p>\n\n\n\n<h2 class=\"wp-block-heading\">4. \u00a1Este es el \u00fanico d\u00eda del a\u00f1o dedicado al AMOR!<\/h2>\n\n\n\n<figure class=\"wp-block-image\"><img decoding=\"async\" src=\"https:\/\/lh4.googleusercontent.com\/7UROdQ-NoraBNhO3ioVk0rQz65Jr57C4q0fComV_RvapumzPJez5jJdh8V2uYJWKxrFUeojrZcYNqHuzlZhN-bZKceIx5mjUk8uD_C_PlWxFSJ-YMgqbaUUCKx5MFtKkwXPxhNDi\" alt=\"This image has an empty alt attribute; its file name is 7UROdQ-NoraBNhO3ioVk0rQz65Jr57C4q0fComV_RvapumzPJez5jJdh8V2uYJWKxrFUeojrZcYNqHuzlZhN-bZKceIx5mjUk8uD_C_PlWxFSJ-YMgqbaUUCKx5MFtKkwXPxhNDi\"\/><\/figure>\n\n\n\n<p>A todos nos encantan las celebraciones. La Navidad es para la familia, los cumplea\u00f1os son para los individuales &#8230; pero \u00bfqu\u00e9 mejor que un d\u00eda dedicado al amor? Es una fiesta especial porque t\u00fa decides c\u00f3mo celebrarla, \u00a1solo tienes que compartir el amor! Podr\u00edas dar un regalo, ver una pel\u00edcula con tu repollo o mirar juntos tus viejos \u00e1lbumes de fotos para revivir viejos recuerdos. Lo importante es disfrutar de los viejos recuerdos y crear algunos nuevos.<\/p>\n\n\n\n<h2 class=\"wp-block-heading\">5. Puedes cuidarte a ti<\/h2>\n\n\n\n<figure class=\"wp-block-image is-resized\"><img loading=\"lazy\" decoding=\"async\" src=\"https:\/\/lh5.googleusercontent.com\/hGpazlV37COA1BYmaU4-5EaFGngEUF55LMk7fP6nTE6JlmzPRfIi1KCkfZrR2r2I5vpQ4DTHWVG-RlnhEbwbn6Q_1eQxcucmHKzKKP56my_MycgQNXOamBIqiijdL3Z27Dy26UrM\" alt=\"This image has an empty alt attribute; its file name is hGpazlV37COA1BYmaU4-5EaFGngEUF55LMk7fP6nTE6JlmzPRfIi1KCkfZrR2r2I5vpQ4DTHWVG-RlnhEbwbn6Q_1eQxcucmHKzKKP56my_MycgQNXOamBIqiijdL3Z27Dy26UrM\" width=\"691\" height=\"460\"\/><\/figure>\n\n\n\n<p>Con el ajetreo y el bullicio de la vida moderna, es f\u00e1cil olvidarnos de cuidarnos. Si est\u00e1 de humor para el clima invernal, \u00bfpor qu\u00e9 no hacer algo para animarse? M\u00edmate con tu chocolate favorito, mira todos los episodios de tu serie favorita, pide una comida casera en tu restaurante favorito o b\u00e1\u00f1ate y rel\u00e1jate con velas y m\u00fasica. S\u00ed, puedes  cuidarte a ti mismo este 14 de febrero.<\/p>\n\n\n\n<p><\/p>\n","protected":false},"excerpt":{"rendered":"<p>\u00bfPor qu\u00e9 celebrar el d\u00eda de San Valent\u00edn? (para los esc\u00e9pticos) \u00bfEres esc\u00e9ptico del d\u00eda de San Valent\u00edn? \u00bfQu\u00e9 es realmente? Otra oportunidad comercializada importada de Estados Unidos, \u00bfverdad? La fiesta de los enamorados es de hecho una fiesta que precede a la civilizaci\u00f3n moderna. Febrero se convirti\u00f3 en el mes del amor durante la [&hellip;]<\/p>\n","protected":false},"author":5,"featured_media":0,"comment_status":"open","ping_status":"open","sticky":false,"template":"","format":"standard","meta":{"_genesis_hide_title":false,"_genesis_hide_breadcrumbs":false,"_genesis_hide_singular_image":false,"_genesis_hide_footer_widgets":false,"_genesis_custom_body_class":"","_genesis_custom_post_class":"","_genesis_layout":"","twitterCardType":"","cardImageID":0,"cardImage":"","cardTitle":"","cardDesc":"","cardImageAlt":"","cardPlayer":"","cardPlayerWidth":0,"cardPlayerHeight":0,"cardPlayerStream":"","cardPlayerCodec":"","footnotes":""},"categories":[1],"tags":[],"class_list":{"0":"post-146","1":"post","2":"type-post","3":"status-publish","4":"format-standard","6":"category-nuestro-blog","7":"entry","8":"has-post-thumbnail"},"yoast_head":"<!-- This site is optimized with the Yoast SEO plugin v25.3.1 - https:\/\/yoast.com\/wordpress\/plugins\/seo\/ -->\n<title>\u00bfPor qu\u00e9 celebrar el d\u00eda de San Valent\u00edn? (para los esc\u00e9pticos) - Printerpix Blog<\/title>\n<meta name=\"robots\" content=\"index, follow, max-snippet:-1, max-image-preview:large, max-video-preview:-1\" \/>\n<link rel=\"canonical\" href=\"https:\/\/www.printerpix.es\/blog\/por-que-celebrar-el-dia-de-san-valentin-para-los-escepticos\/\" \/>\n<meta property=\"og:locale\" content=\"en_GB\" \/>\n<meta property=\"og:type\" content=\"article\" \/>\n<meta property=\"og:title\" content=\"\u00bfPor qu\u00e9 celebrar el d\u00eda de San Valent\u00edn? (para los esc\u00e9pticos) - Printerpix Blog\" \/>\n<meta property=\"og:description\" content=\"\u00bfPor qu\u00e9 celebrar el d\u00eda de San Valent\u00edn? (para los esc\u00e9pticos) \u00bfEres esc\u00e9ptico del d\u00eda de San Valent\u00edn? \u00bfQu\u00e9 es realmente? Otra oportunidad comercializada importada de Estados Unidos, \u00bfverdad? La fiesta de los enamorados es de hecho una fiesta que precede a la civilizaci\u00f3n moderna. Febrero se convirti\u00f3 en el mes del amor durante la [&hellip;]\" \/>\n<meta property=\"og:url\" content=\"https:\/\/www.printerpix.es\/blog\/por-que-celebrar-el-dia-de-san-valentin-para-los-escepticos\/\" \/>\n<meta property=\"og:site_name\" content=\"Printerpix Blog\" \/>\n<meta property=\"article:publisher\" content=\"https:\/\/www.facebook.com\/PrinterpixSpain\" \/>\n<meta property=\"article:published_time\" content=\"2021-01-21T10:01:26+00:00\" \/>\n<meta property=\"article:modified_time\" content=\"2021-01-21T10:01:29+00:00\" \/>\n<meta property=\"og:image\" content=\"https:\/\/www.printerpix.fr\/blog\/wp-content\/uploads\/2021\/01\/2101-Blog-1.jpg\" \/>\n<meta name=\"author\" content=\"Rhys Knipe\" \/>\n<meta name=\"twitter:card\" content=\"summary_large_image\" \/>\n<meta name=\"twitter:label1\" content=\"Written by\" \/>\n\t<meta name=\"twitter:data1\" content=\"Rhys Knipe\" \/>\n\t<meta name=\"twitter:label2\" content=\"Estimated reading time\" \/>\n\t<meta name=\"twitter:data2\" content=\"3 minutes\" \/>\n<script type=\"application\/ld+json\" class=\"yoast-schema-graph\">{\"@context\":\"https:\/\/schema.org\",\"@graph\":[{\"@type\":\"Article\",\"@id\":\"https:\/\/www.printerpix.es\/blog\/por-que-celebrar-el-dia-de-san-valentin-para-los-escepticos\/#article\",\"isPartOf\":{\"@id\":\"https:\/\/www.printerpix.es\/blog\/por-que-celebrar-el-dia-de-san-valentin-para-los-escepticos\/\"},\"author\":{\"name\":\"Rhys Knipe\",\"@id\":\"https:\/\/www.printerpix.es\/blog\/#\/schema\/person\/b3bcf789cf198b0d4ac66957f2bb34fe\"},\"headline\":\"\u00bfPor qu\u00e9 celebrar el d\u00eda de San Valent\u00edn? (para los esc\u00e9pticos)\",\"datePublished\":\"2021-01-21T10:01:26+00:00\",\"dateModified\":\"2021-01-21T10:01:29+00:00\",\"mainEntityOfPage\":{\"@id\":\"https:\/\/www.printerpix.es\/blog\/por-que-celebrar-el-dia-de-san-valentin-para-los-escepticos\/\"},\"wordCount\":664,\"commentCount\":0,\"publisher\":{\"@id\":\"https:\/\/www.printerpix.es\/blog\/#organization\"},\"image\":{\"@id\":\"https:\/\/www.printerpix.es\/blog\/por-que-celebrar-el-dia-de-san-valentin-para-los-escepticos\/#primaryimage\"},\"thumbnailUrl\":\"https:\/\/www.printerpix.fr\/blog\/wp-content\/uploads\/2021\/01\/2101-Blog-1.jpg\",\"articleSection\":[\"Nuestro blog\"],\"inLanguage\":\"en-GB\",\"potentialAction\":[{\"@type\":\"CommentAction\",\"name\":\"Comment\",\"target\":[\"https:\/\/www.printerpix.es\/blog\/por-que-celebrar-el-dia-de-san-valentin-para-los-escepticos\/#respond\"]}]},{\"@type\":\"WebPage\",\"@id\":\"https:\/\/www.printerpix.es\/blog\/por-que-celebrar-el-dia-de-san-valentin-para-los-escepticos\/\",\"url\":\"https:\/\/www.printerpix.es\/blog\/por-que-celebrar-el-dia-de-san-valentin-para-los-escepticos\/\",\"name\":\"\u00bfPor qu\u00e9 celebrar el d\u00eda de San Valent\u00edn? (para los esc\u00e9pticos) - Printerpix Blog\",\"isPartOf\":{\"@id\":\"https:\/\/www.printerpix.es\/blog\/#website\"},\"primaryImageOfPage\":{\"@id\":\"https:\/\/www.printerpix.es\/blog\/por-que-celebrar-el-dia-de-san-valentin-para-los-escepticos\/#primaryimage\"},\"image\":{\"@id\":\"https:\/\/www.printerpix.es\/blog\/por-que-celebrar-el-dia-de-san-valentin-para-los-escepticos\/#primaryimage\"},\"thumbnailUrl\":\"https:\/\/www.printerpix.fr\/blog\/wp-content\/uploads\/2021\/01\/2101-Blog-1.jpg\",\"datePublished\":\"2021-01-21T10:01:26+00:00\",\"dateModified\":\"2021-01-21T10:01:29+00:00\",\"breadcrumb\":{\"@id\":\"https:\/\/www.printerpix.es\/blog\/por-que-celebrar-el-dia-de-san-valentin-para-los-escepticos\/#breadcrumb\"},\"inLanguage\":\"en-GB\",\"potentialAction\":[{\"@type\":\"ReadAction\",\"target\":[\"https:\/\/www.printerpix.es\/blog\/por-que-celebrar-el-dia-de-san-valentin-para-los-escepticos\/\"]}]},{\"@type\":\"ImageObject\",\"inLanguage\":\"en-GB\",\"@id\":\"https:\/\/www.printerpix.es\/blog\/por-que-celebrar-el-dia-de-san-valentin-para-los-escepticos\/#primaryimage\",\"url\":\"https:\/\/www.printerpix.fr\/blog\/wp-content\/uploads\/2021\/01\/2101-Blog-1.jpg\",\"contentUrl\":\"https:\/\/www.printerpix.fr\/blog\/wp-content\/uploads\/2021\/01\/2101-Blog-1.jpg\"},{\"@type\":\"BreadcrumbList\",\"@id\":\"https:\/\/www.printerpix.es\/blog\/por-que-celebrar-el-dia-de-san-valentin-para-los-escepticos\/#breadcrumb\",\"itemListElement\":[{\"@type\":\"ListItem\",\"position\":1,\"name\":\"Home\",\"item\":\"https:\/\/www.printerpix.es\/blog\"},{\"@type\":\"ListItem\",\"position\":2,\"name\":\"\u00bfPor qu\u00e9 celebrar el d\u00eda de San Valent\u00edn? (para los esc\u00e9pticos)\"}]},{\"@type\":\"WebSite\",\"@id\":\"https:\/\/www.printerpix.es\/blog\/#website\",\"url\":\"https:\/\/www.printerpix.es\/blog\/\",\"name\":\"Printerpix Blog\",\"description\":\"\",\"publisher\":{\"@id\":\"https:\/\/www.printerpix.es\/blog\/#organization\"},\"potentialAction\":[{\"@type\":\"SearchAction\",\"target\":{\"@type\":\"EntryPoint\",\"urlTemplate\":\"https:\/\/www.printerpix.es\/blog\/?s={search_term_string}\"},\"query-input\":{\"@type\":\"PropertyValueSpecification\",\"valueRequired\":true,\"valueName\":\"search_term_string\"}}],\"inLanguage\":\"en-GB\"},{\"@type\":\"Organization\",\"@id\":\"https:\/\/www.printerpix.es\/blog\/#organization\",\"name\":\"Printerpix\",\"url\":\"https:\/\/www.printerpix.es\/blog\/\",\"logo\":{\"@type\":\"ImageObject\",\"inLanguage\":\"en-GB\",\"@id\":\"https:\/\/www.printerpix.es\/blog\/#\/schema\/logo\/image\/\",\"url\":\"https:\/\/www.printerpix.es\/blog\/wp-content\/uploads\/2020\/12\/big-logo.png\",\"contentUrl\":\"https:\/\/www.printerpix.es\/blog\/wp-content\/uploads\/2020\/12\/big-logo.png\",\"width\":1600,\"height\":1600,\"caption\":\"Printerpix\"},\"image\":{\"@id\":\"https:\/\/www.printerpix.es\/blog\/#\/schema\/logo\/image\/\"},\"sameAs\":[\"https:\/\/www.facebook.com\/PrinterpixSpain\"]},{\"@type\":\"Person\",\"@id\":\"https:\/\/www.printerpix.es\/blog\/#\/schema\/person\/b3bcf789cf198b0d4ac66957f2bb34fe\",\"name\":\"Rhys Knipe\",\"image\":{\"@type\":\"ImageObject\",\"inLanguage\":\"en-GB\",\"@id\":\"https:\/\/www.printerpix.es\/blog\/#\/schema\/person\/image\/\",\"url\":\"https:\/\/secure.gravatar.com\/avatar\/f232c31420abdba75b3f6be5804b06080331bc73c8b89bf7d75d5c19a606906d?s=96&d=mm&r=g\",\"contentUrl\":\"https:\/\/secure.gravatar.com\/avatar\/f232c31420abdba75b3f6be5804b06080331bc73c8b89bf7d75d5c19a606906d?s=96&d=mm&r=g\",\"caption\":\"Rhys Knipe\"},\"url\":\"https:\/\/www.printerpix.es\/blog\/author\/rhys-knipe\/\"}]}<\/script>\n<!-- \/ Yoast SEO plugin. -->","yoast_head_json":{"title":"\u00bfPor qu\u00e9 celebrar el d\u00eda de San Valent\u00edn? (para los esc\u00e9pticos) - Printerpix Blog","robots":{"index":"index","follow":"follow","max-snippet":"max-snippet:-1","max-image-preview":"max-image-preview:large","max-video-preview":"max-video-preview:-1"},"canonical":"https:\/\/www.printerpix.es\/blog\/por-que-celebrar-el-dia-de-san-valentin-para-los-escepticos\/","og_locale":"en_GB","og_type":"article","og_title":"\u00bfPor qu\u00e9 celebrar el d\u00eda de San Valent\u00edn? (para los esc\u00e9pticos) - Printerpix Blog","og_description":"\u00bfPor qu\u00e9 celebrar el d\u00eda de San Valent\u00edn? (para los esc\u00e9pticos) \u00bfEres esc\u00e9ptico del d\u00eda de San Valent\u00edn? \u00bfQu\u00e9 es realmente? Otra oportunidad comercializada importada de Estados Unidos, \u00bfverdad? La fiesta de los enamorados es de hecho una fiesta que precede a la civilizaci\u00f3n moderna. Febrero se convirti\u00f3 en el mes del amor durante la [&hellip;]","og_url":"https:\/\/www.printerpix.es\/blog\/por-que-celebrar-el-dia-de-san-valentin-para-los-escepticos\/","og_site_name":"Printerpix Blog","article_publisher":"https:\/\/www.facebook.com\/PrinterpixSpain","article_published_time":"2021-01-21T10:01:26+00:00","article_modified_time":"2021-01-21T10:01:29+00:00","og_image":[{"url":"https:\/\/www.printerpix.fr\/blog\/wp-content\/uploads\/2021\/01\/2101-Blog-1.jpg","type":"","width":"","height":""}],"author":"Rhys Knipe","twitter_card":"summary_large_image","twitter_misc":{"Written by":"Rhys Knipe","Estimated reading time":"3 minutes"},"schema":{"@context":"https:\/\/schema.org","@graph":[{"@type":"Article","@id":"https:\/\/www.printerpix.es\/blog\/por-que-celebrar-el-dia-de-san-valentin-para-los-escepticos\/#article","isPartOf":{"@id":"https:\/\/www.printerpix.es\/blog\/por-que-celebrar-el-dia-de-san-valentin-para-los-escepticos\/"},"author":{"name":"Rhys Knipe","@id":"https:\/\/www.printerpix.es\/blog\/#\/schema\/person\/b3bcf789cf198b0d4ac66957f2bb34fe"},"headline":"\u00bfPor qu\u00e9 celebrar el d\u00eda de San Valent\u00edn? (para los esc\u00e9pticos)","datePublished":"2021-01-21T10:01:26+00:00","dateModified":"2021-01-21T10:01:29+00:00","mainEntityOfPage":{"@id":"https:\/\/www.printerpix.es\/blog\/por-que-celebrar-el-dia-de-san-valentin-para-los-escepticos\/"},"wordCount":664,"commentCount":0,"publisher":{"@id":"https:\/\/www.printerpix.es\/blog\/#organization"},"image":{"@id":"https:\/\/www.printerpix.es\/blog\/por-que-celebrar-el-dia-de-san-valentin-para-los-escepticos\/#primaryimage"},"thumbnailUrl":"https:\/\/www.printerpix.fr\/blog\/wp-content\/uploads\/2021\/01\/2101-Blog-1.jpg","articleSection":["Nuestro blog"],"inLanguage":"en-GB","potentialAction":[{"@type":"CommentAction","name":"Comment","target":["https:\/\/www.printerpix.es\/blog\/por-que-celebrar-el-dia-de-san-valentin-para-los-escepticos\/#respond"]}]},{"@type":"WebPage","@id":"https:\/\/www.printerpix.es\/blog\/por-que-celebrar-el-dia-de-san-valentin-para-los-escepticos\/","url":"https:\/\/www.printerpix.es\/blog\/por-que-celebrar-el-dia-de-san-valentin-para-los-escepticos\/","name":"\u00bfPor qu\u00e9 celebrar el d\u00eda de San Valent\u00edn? (para los esc\u00e9pticos) - Printerpix Blog","isPartOf":{"@id":"https:\/\/www.printerpix.es\/blog\/#website"},"primaryImageOfPage":{"@id":"https:\/\/www.printerpix.es\/blog\/por-que-celebrar-el-dia-de-san-valentin-para-los-escepticos\/#primaryimage"},"image":{"@id":"https:\/\/www.printerpix.es\/blog\/por-que-celebrar-el-dia-de-san-valentin-para-los-escepticos\/#primaryimage"},"thumbnailUrl":"https:\/\/www.printerpix.fr\/blog\/wp-content\/uploads\/2021\/01\/2101-Blog-1.jpg","datePublished":"2021-01-21T10:01:26+00:00","dateModified":"2021-01-21T10:01:29+00:00","breadcrumb":{"@id":"https:\/\/www.printerpix.es\/blog\/por-que-celebrar-el-dia-de-san-valentin-para-los-escepticos\/#breadcrumb"},"inLanguage":"en-GB","potentialAction":[{"@type":"ReadAction","target":["https:\/\/www.printerpix.es\/blog\/por-que-celebrar-el-dia-de-san-valentin-para-los-escepticos\/"]}]},{"@type":"ImageObject","inLanguage":"en-GB","@id":"https:\/\/www.printerpix.es\/blog\/por-que-celebrar-el-dia-de-san-valentin-para-los-escepticos\/#primaryimage","url":"https:\/\/www.printerpix.fr\/blog\/wp-content\/uploads\/2021\/01\/2101-Blog-1.jpg","contentUrl":"https:\/\/www.printerpix.fr\/blog\/wp-content\/uploads\/2021\/01\/2101-Blog-1.jpg"},{"@type":"BreadcrumbList","@id":"https:\/\/www.printerpix.es\/blog\/por-que-celebrar-el-dia-de-san-valentin-para-los-escepticos\/#breadcrumb","itemListElement":[{"@type":"ListItem","position":1,"name":"Home","item":"https:\/\/www.printerpix.es\/blog"},{"@type":"ListItem","position":2,"name":"\u00bfPor qu\u00e9 celebrar el d\u00eda de San Valent\u00edn? (para los esc\u00e9pticos)"}]},{"@type":"WebSite","@id":"https:\/\/www.printerpix.es\/blog\/#website","url":"https:\/\/www.printerpix.es\/blog\/","name":"Printerpix Blog","description":"","publisher":{"@id":"https:\/\/www.printerpix.es\/blog\/#organization"},"potentialAction":[{"@type":"SearchAction","target":{"@type":"EntryPoint","urlTemplate":"https:\/\/www.printerpix.es\/blog\/?s={search_term_string}"},"query-input":{"@type":"PropertyValueSpecification","valueRequired":true,"valueName":"search_term_string"}}],"inLanguage":"en-GB"},{"@type":"Organization","@id":"https:\/\/www.printerpix.es\/blog\/#organization","name":"Printerpix","url":"https:\/\/www.printerpix.es\/blog\/","logo":{"@type":"ImageObject","inLanguage":"en-GB","@id":"https:\/\/www.printerpix.es\/blog\/#\/schema\/logo\/image\/","url":"https:\/\/www.printerpix.es\/blog\/wp-content\/uploads\/2020\/12\/big-logo.png","contentUrl":"https:\/\/www.printerpix.es\/blog\/wp-content\/uploads\/2020\/12\/big-logo.png","width":1600,"height":1600,"caption":"Printerpix"},"image":{"@id":"https:\/\/www.printerpix.es\/blog\/#\/schema\/logo\/image\/"},"sameAs":["https:\/\/www.facebook.com\/PrinterpixSpain"]},{"@type":"Person","@id":"https:\/\/www.printerpix.es\/blog\/#\/schema\/person\/b3bcf789cf198b0d4ac66957f2bb34fe","name":"Rhys Knipe","image":{"@type":"ImageObject","inLanguage":"en-GB","@id":"https:\/\/www.printerpix.es\/blog\/#\/schema\/person\/image\/","url":"https:\/\/secure.gravatar.com\/avatar\/f232c31420abdba75b3f6be5804b06080331bc73c8b89bf7d75d5c19a606906d?s=96&d=mm&r=g","contentUrl":"https:\/\/secure.gravatar.com\/avatar\/f232c31420abdba75b3f6be5804b06080331bc73c8b89bf7d75d5c19a606906d?s=96&d=mm&r=g","caption":"Rhys Knipe"},"url":"https:\/\/www.printerpix.es\/blog\/author\/rhys-knipe\/"}]}},"featured_image_src":null,"featured_image_src_square":null,"author_info":{"display_name":"Rhys Knipe","author_link":"https:\/\/www.printerpix.es\/blog\/author\/rhys-knipe\/"},"_links":{"self":[{"href":"https:\/\/www.printerpix.es\/blog\/wp-json\/wp\/v2\/posts\/146","targetHints":{"allow":["GET"]}}],"collection":[{"href":"https:\/\/www.printerpix.es\/blog\/wp-json\/wp\/v2\/posts"}],"about":[{"href":"https:\/\/www.printerpix.es\/blog\/wp-json\/wp\/v2\/types\/post"}],"author":[{"embeddable":true,"href":"https:\/\/www.printerpix.es\/blog\/wp-json\/wp\/v2\/users\/5"}],"replies":[{"embeddable":true,"href":"https:\/\/www.printerpix.es\/blog\/wp-json\/wp\/v2\/comments?post=146"}],"version-history":[{"count":3,"href":"https:\/\/www.printerpix.es\/blog\/wp-json\/wp\/v2\/posts\/146\/revisions"}],"predecessor-version":[{"id":150,"href":"https:\/\/www.printerpix.es\/blog\/wp-json\/wp\/v2\/posts\/146\/revisions\/150"}],"wp:attachment":[{"href":"https:\/\/www.printerpix.es\/blog\/wp-json\/wp\/v2\/media?parent=146"}],"wp:term":[{"taxonomy":"category","embeddable":true,"href":"https:\/\/www.printerpix.es\/blog\/wp-json\/wp\/v2\/categories?post=146"},{"taxonomy":"post_tag","embeddable":true,"href":"https:\/\/www.printerpix.es\/blog\/wp-json\/wp\/v2\/tags?post=146"}],"curies":[{"name":"wp","href":"https:\/\/api.w.org\/{rel}","templated":true}]}}